{"id":2393,"date":"2026-02-02T12:44:27","date_gmt":"2026-02-02T12:44:27","guid":{"rendered":"https:\/\/vimenorca.com\/?p=2393"},"modified":"2026-02-02T12:44:27","modified_gmt":"2026-02-02T12:44:27","slug":"menorca-lleva-su-vino-al-gran-escaparate-internacional-de-wine-paris","status":"publish","type":"post","link":"https:\/\/vimenorca.com\/es\/menorca-lleva-su-vino-al-gran-escaparate-internacional-de-wine-paris\/","title":{"rendered":"Menorca lleva su vino al gran escaparate internacional de Wine Paris"},"content":{"rendered":"<p data-start=\"3022\" data-end=\"3458\">El sector vitivin\u00edcola de Menorca atraviesa uno de los momentos m\u00e1s s\u00f3lidos de las \u00faltimas d\u00e9cadas, y este impulso tendr\u00e1 proyecci\u00f3n internacional del 9 al 11 de febrero con su participaci\u00f3n en <strong data-start=\"3219\" data-end=\"3260\"><span class=\"hover:entity-accent entity-underline inline cursor-pointer align-baseline\"><span class=\"whitespace-normal\">Wine Paris<\/span><\/span><\/strong>, la feria vitivin\u00edcola m\u00e1s importante de Europa. La Asociaci\u00f3n de Productores de Vino de Menorca participar\u00e1 por primera vez de forma conjunta, dentro del estand institucional de las Illes Balears.<\/p>\n<p data-start=\"3460\" data-end=\"3866\">Esta presencia no es un hecho aislado, sino la consecuencia de un sector que ha ganado solidez, confianza y visibilidad. Las \u00faltimas cifras de producci\u00f3n as\u00ed lo avalan: la cosecha de 2025 alcanz\u00f3 los 2.394 hectolitros bajo la Indicaci\u00f3n Geogr\u00e1fica Protegida <em data-start=\"3718\" data-end=\"3750\">Vi de la Terra Illa de Menorca<\/em>, lo que supone un incremento del 27% respecto al a\u00f1o anterior y el volumen m\u00e1s elevado de los \u00faltimos treinta a\u00f1os.<\/p>\n<h3 data-start=\"3868\" data-end=\"3919\">Un sector en crecimiento y con identidad propia<\/h3>\n<p data-start=\"3921\" data-end=\"4309\">Actualmente, Menorca cuenta con 175 hect\u00e1reas de vi\u00f1edo inscritas, una superficie que contin\u00faa creciendo a\u00f1o tras a\u00f1o, junto con una producci\u00f3n cada vez m\u00e1s equilibrada entre vinos blancos, tintos y rosados. M\u00e1s all\u00e1 de los datos, el sector destaca por su apuesta decidida por la calidad, su vinculaci\u00f3n al territorio y unas pr\u00e1cticas vit\u00edcolas adaptadas al paisaje y al clima de la isla.<\/p>\n<p data-start=\"4311\" data-end=\"4584\">En este contexto, la participaci\u00f3n en Wine Paris supone un paso estrat\u00e9gico. El objetivo es dar a conocer las \u00faltimas a\u00f1adas, establecer contactos comerciales, abrir nuevos mercados y situar a Menorca en el mapa internacional del vino, sin perder de vista al p\u00fablico local.<\/p>\n<h3 data-start=\"4586\" data-end=\"4617\">Par\u00eds como ventana al mundo<\/h3>\n<p data-start=\"4619\" data-end=\"4978\">La presencia de Menorca en la feria se enmarca dentro de una acci\u00f3n impulsada por la Conselleria de Agricultura, Pesca y Medio Natural del Govern de les Illes Balears, con la colaboraci\u00f3n del Consell Insular de Menorca. Un apoyo institucional que refuerza el papel de los productos agroalimentarios de calidad como activos estrat\u00e9gicos de la econom\u00eda insular.<\/p>\n<p data-start=\"4980\" data-end=\"5265\">Wine Paris se convierte as\u00ed en un escaparate privilegiado para explicar qu\u00e9 hace singular al vino de Menorca: producciones limitadas, variedades adaptadas al territorio, una fuerte conexi\u00f3n con el paisaje y una manera de entender el vino como expresi\u00f3n cultural, m\u00e1s all\u00e1 del producto.<\/p>\n<h3 data-start=\"5267\" data-end=\"5288\">Mirando al futuro<\/h3>\n<p data-start=\"5290\" data-end=\"5631\">La presencia en Par\u00eds no es un punto final, sino un paso m\u00e1s dentro de una estrategia a medio plazo. Entre los proyectos de futuro del sector destaca la voluntad de organizar en 2026 una gran Fiesta del Vino en Menorca, concebida como un evento de referencia para reforzar la visibilidad del sector y fomentar la cultura del vino en la isla.<\/p>\n<p data-start=\"5633\" data-end=\"5815\">Con esta proyecci\u00f3n internacional, Menorca confirma que su vino ya no es una promesa, sino una realidad consolidada, con recorrido y ambici\u00f3n, arraigada al territorio y a la calidad.<\/p>\n","protected":false},"excerpt":{"rendered":"<p>El sector vitivin\u00edcola de Menorca atraviesa uno de los momentos m\u00e1s s\u00f3lidos de las \u00faltimas d\u00e9cadas, y este impulso tendr\u00e1 proyecci\u00f3n internacional del 9 al 11 de febrero con su participaci\u00f3n en Wine Paris, la feria vitivin\u00edcola m\u00e1s importante de Europa. La Asociaci\u00f3n de Productores de Vino de Menorca participar\u00e1 por primera vez de forma [&hellip;]<\/p>\n","protected":false},"author":3,"featured_media":2394,"comment_status":"open","ping_status":"closed","sticky":false,"template":"","format":"standard","meta":{"site-sidebar-layout":"default","site-content-layout":"","ast-site-content-layout":"default","site-content-style":"default","site-sidebar-style":"default","ast-global-header-display":"","ast-banner-title-visibility":"","ast-main-header-display":"","ast-hfb-above-header-display":"","ast-hfb-below-header-display":"","ast-hfb-mobile-header-display":"","site-post-title":"","ast-breadcrumbs-content":"","ast-featured-img":"","footer-sml-layout":"","ast-disable-related-posts":"","theme-transparent-header-meta":"default","adv-header-id-meta":"","stick-header-meta":"","header-above-stick-meta":"","header-main-stick-meta":"","header-below-stick-meta":"","astra-migrate-meta-layouts":"set","ast-page-background-enabled":"default","ast-page-background-meta":{"desktop":{"background-color":"var(--ast-global-color-4)","background-image":"","background-repeat":"repeat","background-position":"center center","background-size":"auto","background-attachment":"scroll","background-type":"","background-media":"","overlay-type":"","overlay-color":"","overlay-opacity":"","overlay-gradient":""},"tablet":{"background-color":"","background-image":"","background-repeat":"repeat","background-position":"center center","background-size":"auto","background-attachment":"scroll","background-type":"","background-media":"","overlay-type":"","overlay-color":"","overlay-opacity":"","overlay-gradient":""},"mobile":{"background-color":"","background-image":"","background-repeat":"repeat","background-position":"center center","background-size":"auto","background-attachment":"scroll","background-type":"","background-media":"","overlay-type":"","overlay-color":"","overlay-opacity":"","overlay-gradient":""}},"ast-content-background-meta":{"desktop":{"background-color":"var(--ast-global-color-5)","background-image":"","background-repeat":"repeat","background-position":"center center","background-size":"auto","background-attachment":"scroll","background-type":"","background-media":"","overlay-type":"","overlay-color":"","overlay-opacity":"","overlay-gradient":""},"tablet":{"background-color":"var(--ast-global-color-5)","background-image":"","background-repeat":"repeat","background-position":"center center","background-size":"auto","background-attachment":"scroll","background-type":"","background-media":"","overlay-type":"","overlay-color":"","overlay-opacity":"","overlay-gradient":""},"mobile":{"background-color":"var(--ast-global-color-5)","background-image":"","background-repeat":"repeat","background-position":"center center","background-size":"auto","background-attachment":"scroll","background-type":"","background-media":"","overlay-type":"","overlay-color":"","overlay-opacity":"","overlay-gradient":""}},"footnotes":""},"categories":[9],"tags":[],"class_list":["post-2393","post","type-post","status-publish","format-standard","has-post-thumbnail","hentry","category-sin-categorizar"],"_links":{"self":[{"href":"https:\/\/vimenorca.com\/es\/wp-json\/wp\/v2\/posts\/2393","targetHints":{"allow":["GET"]}}],"collection":[{"href":"https:\/\/vimenorca.com\/es\/wp-json\/wp\/v2\/posts"}],"about":[{"href":"https:\/\/vimenorca.com\/es\/wp-json\/wp\/v2\/types\/post"}],"author":[{"embeddable":true,"href":"https:\/\/vimenorca.com\/es\/wp-json\/wp\/v2\/users\/3"}],"replies":[{"embeddable":true,"href":"https:\/\/vimenorca.com\/es\/wp-json\/wp\/v2\/comments?post=2393"}],"version-history":[{"count":1,"href":"https:\/\/vimenorca.com\/es\/wp-json\/wp\/v2\/posts\/2393\/revisions"}],"predecessor-version":[{"id":2395,"href":"https:\/\/vimenorca.com\/es\/wp-json\/wp\/v2\/posts\/2393\/revisions\/2395"}],"wp:featuredmedia":[{"embeddable":true,"href":"https:\/\/vimenorca.com\/es\/wp-json\/wp\/v2\/media\/2394"}],"wp:attachment":[{"href":"https:\/\/vimenorca.com\/es\/wp-json\/wp\/v2\/media?parent=2393"}],"wp:term":[{"taxonomy":"category","embeddable":true,"href":"https:\/\/vimenorca.com\/es\/wp-json\/wp\/v2\/categories?post=2393"},{"taxonomy":"post_tag","embeddable":true,"href":"https:\/\/vimenorca.com\/es\/wp-json\/wp\/v2\/tags?post=2393"}],"curies":[{"name":"wp","href":"https:\/\/api.w.org\/{rel}","templated":true}]}}